{"id":1102102,"date":"2025-03-21T11:07:09","date_gmt":"2025-03-21T10:07:09","guid":{"rendered":"https:\/\/prilux.es\/2024\/03\/07\/seja-qual-for-o-seu-estilo-ilumine-o-seu-jardim-e-as-suas-areas-exteriores-com-prilux\/"},"modified":"2025-03-24T13:33:52","modified_gmt":"2025-03-24T12:33:52","slug":"seja-qual-for-o-seu-estilo-ilumine-o-seu-jardim-e-as-suas-areas-exteriores-com-prilux","status":"publish","type":"post","link":"https:\/\/prilux.es\/pt-pt\/2025\/03\/21\/seja-qual-for-o-seu-estilo-ilumine-o-seu-jardim-e-as-suas-areas-exteriores-com-prilux\/","title":{"rendered":"Ilumine com estilo, transforme com luz e desfrute dos seus espa\u00e7os com a Prilux"},"content":{"rendered":"<p>Na Prilux, acreditamos que a ilumina\u00e7\u00e3o n\u00e3o deve ser apenas funcional, mas tamb\u00e9m uma experi\u00eancia capaz de transformar cada espa\u00e7o externo em um ambiente acolhedor, eficiente e sustent\u00e1vel. A nossa linha Green e Solar foi desenvolvida para oferecer uma ilumina\u00e7\u00e3o de alta qualidade, minimizando o impacto ambiental e maximizando a economia de energia.<\/p>\n<p>&nbsp;<\/p>\n<h2><strong>Ilumina\u00e7\u00e3o Decorativa Externa: Ambientes com Estilo e Personalidade<\/strong><\/h2>\n<p>&nbsp;<\/p>\n<p>A ilumina\u00e7\u00e3o externa n\u00e3o s\u00f3 real\u00e7a a beleza dos espa\u00e7os, mas tamb\u00e9m contribui para criar ambientes convidativos e cheios de vida. A nossa nova cole\u00e7\u00e3o de apliques decorativos de parede combina design e funcionalidade para oferecer solu\u00e7\u00f5es vers\u00e1teis em jardins, terra\u00e7os e \u00e1reas de conviv\u00eancia.<\/p>\n<p>Os modelos como <a href=\"https:\/\/prilux.es\/pt-pt\/familia\/leida-pt-pt\/\"><strong>Leida<\/strong><\/a>, <a href=\"https:\/\/prilux.es\/category\/wbex\/wbex03\/\"><strong>Danae<\/strong><\/a>, <a href=\"https:\/\/prilux.es\/pt-pt\/familia\/bayard-pt\/\"><strong>Bayard<\/strong><\/a> e <a href=\"https:\/\/prilux.es\/pt-pt\/azira-switch\/\"><strong>Azira Switch<\/strong><\/a>, juntamente com <a href=\"https:\/\/prilux.es\/pt-pt\/familia\/anvita-pt-pt\/\"><strong>Anvita<\/strong><\/a> e <strong>Deva Switch,<\/strong> destacam-se pela est\u00e9tica e pela resist\u00eancia \u00e0s intemp\u00e9ries, garantindo desempenho ideal em qualquer condi\u00e7\u00e3o clim\u00e1tica. Dispon\u00edveis em diversas temperaturas de cor, estes apliques permitem adaptar a ilumina\u00e7\u00e3o a cada espa\u00e7o, potencializando a sua beleza e funcionalidade.<\/p>\n<p>&nbsp;<\/p>\n<p><a href=\"https:\/\/prilux.es\/wp-content\/uploads\/2024\/03\/Campana-Green-y-Solar-new_datos-es-5.png\"><img loading=\"lazy\" class=\"alignnone wp-image-1524518 size-full\" src=\"https:\/\/prilux.es\/wp-content\/uploads\/2024\/03\/Campana-Green-y-Solar-new_datos-es-5.png\" alt=\"\" width=\"1202\" height=\"415\" srcset=\"https:\/\/prilux.es\/wp-content\/uploads\/2024\/03\/Campana-Green-y-Solar-new_datos-es-5.png 1202w, https:\/\/prilux.es\/wp-content\/uploads\/2024\/03\/Campana-Green-y-Solar-new_datos-es-5-300x104.png 300w, https:\/\/prilux.es\/wp-content\/uploads\/2024\/03\/Campana-Green-y-Solar-new_datos-es-5-1024x354.png 1024w, https:\/\/prilux.es\/wp-content\/uploads\/2024\/03\/Campana-Green-y-Solar-new_datos-es-5-768x265.png 768w, https:\/\/prilux.es\/wp-content\/uploads\/2024\/03\/Campana-Green-y-Solar-new_datos-es-5-600x207.png 600w\" sizes=\"(max-width: 1202px) 100vw, 1202px\" \/><\/a><\/p>\n<h3><strong>Ilumina\u00e7\u00e3o para Caminhos e \u00c1reas de Tr\u00e2nsito: Seguran\u00e7a e Estilo<\/strong><\/h3>\n<p>&nbsp;<\/p>\n<p>Caminhar em jardins e \u00e1reas externas ao anoitecer deve ser uma experi\u00eancia segura e agrad\u00e1vel. Na Prilux, oferecemos solu\u00e7\u00f5es que combinam seguran\u00e7a, design e efici\u00eancia energ\u00e9tica para iluminar os seus passeios nocturnos.<\/p>\n<p>As lumin\u00e1rias de encastrar de parede como o <a href=\"https:\/\/prilux.es\/pt-pt\/familia\/merk-pt-pt\/\"><strong>Merk<\/strong><\/a> e o <a href=\"https:\/\/prilux.es\/pt-pt\/familia\/hank-pt\/\"><strong>Hank<\/strong><\/a> fornecem uma luz elegante e discreta, ideal para guiar cada passo sem encadear. J\u00e1 os \u201cespetos\u201d de jardim, <a href=\"https:\/\/prilux.es\/pt-pt\/familia\/catt-pt-pt\/\"><strong>Catt<\/strong><\/a> e <strong><a href=\"https:\/\/prilux.es\/pt-pt\/familia\/catt-pt-pt\/\">Catt Basic<\/a>, <\/strong>oferecem uma alternativa vers\u00e1til e pr\u00e1tica para iluminar trilhos ou real\u00e7ar elementos paisag\u00edsticos com um toque de luz harmonioso.<\/p>\n<p>&nbsp;<\/p>\n<h3><strong>Ilumina\u00e7\u00e3o Solar: Autonomia e Sustentabilidade sem Limites<\/strong><\/h3>\n<p>&nbsp;<\/p>\n<p>Imagine uma ilumina\u00e7\u00e3o externa sem cabos, sem custos de energia e com um impacto ambiental m\u00ednimo. A nossa linha Solar torna essa vis\u00e3o poss\u00edvel com lumin\u00e1rias projetadas para aproveitar ao m\u00e1ximo a energia do sol, garantindo um desempenho excecional mesmo em condi\u00e7\u00f5es de baixa luminosidade.<\/p>\n<p><a href=\"https:\/\/prilux.es\/wp-content\/uploads\/2025\/03\/Campana-Green-y-Solar-new_datos-es-1.jpg\"><img loading=\"lazy\" class=\"alignnone wp-image-1540485 size-full\" src=\"https:\/\/prilux.es\/wp-content\/uploads\/2025\/03\/Campana-Green-y-Solar-new_datos-es-1.jpg\" alt=\"\" width=\"1202\" height=\"415\" srcset=\"https:\/\/prilux.es\/wp-content\/uploads\/2025\/03\/Campana-Green-y-Solar-new_datos-es-1.jpg 1202w, https:\/\/prilux.es\/wp-content\/uploads\/2025\/03\/Campana-Green-y-Solar-new_datos-es-1-300x104.jpg 300w, https:\/\/prilux.es\/wp-content\/uploads\/2025\/03\/Campana-Green-y-Solar-new_datos-es-1-1024x354.jpg 1024w, https:\/\/prilux.es\/wp-content\/uploads\/2025\/03\/Campana-Green-y-Solar-new_datos-es-1-768x265.jpg 768w, https:\/\/prilux.es\/wp-content\/uploads\/2025\/03\/Campana-Green-y-Solar-new_datos-es-1-600x207.jpg 600w\" sizes=\"(max-width: 1202px) 100vw, 1202px\" \/><\/a><\/p>\n<p>&nbsp;<\/p>\n<p>As nossas novidades, como os apliques e balizas <a href=\"https:\/\/prilux.es\/pt-pt\/familia\/minic-pt\/\"><strong>Minic<\/strong><\/a> e <a href=\"https:\/\/prilux.es\/pt-pt\/familia\/galliot-pt\/\"><strong>Galliot<\/strong><\/a>, oferecem uma solu\u00e7\u00e3o 100% aut\u00f4noma, perfeita para iluminar jardins, acessos e espa\u00e7os externos sem a necessidade de instala\u00e7\u00f5es complexas.<\/p>\n<p>Gra\u00e7as aos sensores de movimento e luminosidade, estas lumin\u00e1rias s\u00e3o ativadas apenas quando \u00e9 necess\u00e1rio, otimizando assim o consumo e prolongando a sua vida \u00fatil. Al\u00e9m disso, a tecnologia de baterias <strong>LiFePO4<\/strong> aumenta a seguran\u00e7a e a efici\u00eancia, enquanto os pain\u00e9is solares monocristalinos maximizam a capta\u00e7\u00e3o de energia solar, garantindo uma ilumina\u00e7\u00e3o constante e confi\u00e1vel.<\/p>\n<p>&nbsp;<\/p>\n<p><a href=\"https:\/\/prilux.es\/wp-content\/uploads\/2024\/03\/Campana-Green-y-Solar-new_datos-es-3.png\"><img loading=\"lazy\" class=\"alignnone size-full wp-image-1529292\" src=\"https:\/\/prilux.es\/wp-content\/uploads\/2024\/03\/Campana-Green-y-Solar-new_datos-es-3.png\" alt=\"\" width=\"1203\" height=\"328\" srcset=\"https:\/\/prilux.es\/wp-content\/uploads\/2024\/03\/Campana-Green-y-Solar-new_datos-es-3.png 1203w, https:\/\/prilux.es\/wp-content\/uploads\/2024\/03\/Campana-Green-y-Solar-new_datos-es-3-300x82.png 300w, https:\/\/prilux.es\/wp-content\/uploads\/2024\/03\/Campana-Green-y-Solar-new_datos-es-3-1024x279.png 1024w, https:\/\/prilux.es\/wp-content\/uploads\/2024\/03\/Campana-Green-y-Solar-new_datos-es-3-768x209.png 768w, https:\/\/prilux.es\/wp-content\/uploads\/2024\/03\/Campana-Green-y-Solar-new_datos-es-3-600x164.png 600w\" sizes=\"(max-width: 1203px) 100vw, 1203px\" \/><\/a><\/p>\n<p>&nbsp;<\/p>\n<p>Modelos em Destaque de Ilumina\u00e7\u00e3o Solar<\/p>\n<ul>\n<li>Apliques solares: <a href=\"https:\/\/prilux.es\/pt-pt\/familia\/hadar-pt\/\"><strong>Hadar<\/strong><\/a>, <a href=\"https:\/\/prilux.es\/pt-pt\/familia\/summet-pt\/\"><strong>Summet<\/strong><\/a> e <a href=\"https:\/\/prilux.es\/pt-pt\/familia\/kera-pt\/\"><strong>Kera<\/strong><\/a>, com designs resistentes e op\u00e7\u00f5es de temperatura de cor para se adequar a qualquer ambiente.<\/li>\n<li>Balizas e lumin\u00e1rias vi\u00e1rias: <a href=\"https:\/\/prilux.es\/pt-pt\/familia\/draco-pt\/\"><strong>Draco<\/strong><\/a> e <a href=\"https:\/\/prilux.es\/pt-pt\/familia\/vorona-pt\/\"><strong>Vorona<\/strong><\/a>, ideais para \u00e1reas comuns e condom\u00ednios, proporcionando ilumina\u00e7\u00e3o abrangente com consumo m\u00ednimo de energia.<\/li>\n<\/ul>\n<h3><\/h3>\n<h3><strong>Ilumina\u00e7\u00e3o para Piscinas: Resist\u00eancia, Eleg\u00e2ncia e Efeitos Luminosos \u00danicos<\/strong><\/h3>\n<p>&nbsp;<\/p>\n<p>Piscinas, lagos e fontes requerem uma ilumina\u00e7\u00e3o espec\u00edfica que garanta seguran\u00e7a, durabilidade e um efeito visual admir\u00e1vel. Na <strong>Prilux<\/strong>, oferecemos solu\u00e7\u00f5es projetadas para resistir ao contato com a \u00e1gua sem comprometer o desempenho luminoso, proporcionando uma luz vibrante e uniforme que valoriza cada espa\u00e7o aqu\u00e1tico.<\/p>\n<p>As nossas lumin\u00e1rias <strong><a href=\"https:\/\/prilux.es\/pt-pt\/familia\/hydra-avant-pt\/\">Hydra Avant<\/a> e <a href=\"https:\/\/prilux.es\/pt-pt\/familia\/agua-avant-pt\/\">Agua Avant<\/a> <\/strong>contam com diversas op\u00e7\u00f5es de pot\u00eancia para atender a cada necessidade, enquanto a <strong>Iseo<\/strong> \u00e9 a escolha ideal para destacar a beleza de fontes e lagos.<\/p>\n<p>&nbsp;<\/p>\n<p><a href=\"https:\/\/prilux.es\/wp-content\/uploads\/2024\/03\/Campana-Green-y-Solar-new_datos-es-6.png\"><img loading=\"lazy\" class=\"alignnone size-full wp-image-1529296\" src=\"https:\/\/prilux.es\/wp-content\/uploads\/2024\/03\/Campana-Green-y-Solar-new_datos-es-6.png\" alt=\"\" width=\"1202\" height=\"326\" srcset=\"https:\/\/prilux.es\/wp-content\/uploads\/2024\/03\/Campana-Green-y-Solar-new_datos-es-6.png 1202w, https:\/\/prilux.es\/wp-content\/uploads\/2024\/03\/Campana-Green-y-Solar-new_datos-es-6-300x81.png 300w, https:\/\/prilux.es\/wp-content\/uploads\/2024\/03\/Campana-Green-y-Solar-new_datos-es-6-1024x278.png 1024w, https:\/\/prilux.es\/wp-content\/uploads\/2024\/03\/Campana-Green-y-Solar-new_datos-es-6-768x208.png 768w, https:\/\/prilux.es\/wp-content\/uploads\/2024\/03\/Campana-Green-y-Solar-new_datos-es-6-600x163.png 600w\" sizes=\"(max-width: 1202px) 100vw, 1202px\" \/><\/a><\/p>\n<p>&nbsp;<\/p>\n<p>Al\u00e9m disso, incorporamos <strong>op\u00e7\u00f5es RGB<\/strong>, que permitem personalizar a ilumina\u00e7\u00e3o e criar efeitos crom\u00e1ticos din\u00e2micos, transformando cada espa\u00e7o num cen\u00e1rio \u00fanico. De tonalidades suaves para ambientes relaxantes a combina\u00e7\u00f5es vibrantes para ressaltar \u00e1reas espec\u00edficas.<\/p>\n<p>Deixe-se surpreender pela magia da cor e da luz em movimento e transforme os seus espa\u00e7os aqu\u00e1ticos em um verdadeiro espet\u00e1culo visual com a Prilux.<\/p>\n<p>Descubre nuestro amplio portfolio de producto descargando nuestro dossier de producto Green y Solar aqu\u00ed: <a href=\"http:\/\/www.grupoprilux.com\/imgs\/dossieres\/activa\/ds-green-solar-prilux-2025.pdf\" target=\"_blank\" rel=\"noopener\"><span style=\"color: #3366ff;\"><strong>Descarga Dossier<\/strong><\/span><\/a><\/p>\n","protected":false},"excerpt":{"rendered":"<p>Na Prilux, acreditamos que a ilumina\u00e7\u00e3o n\u00e3o deve ser apenas funcional, mas tamb\u00e9m uma experi\u00eancia capaz de transformar cada espa\u00e7o externo em um ambiente acolhedor, eficiente e sustent\u00e1vel. A nossa linha Green e Solar foi desenvolvida para oferecer uma ilumina\u00e7\u00e3o&#8230;<\/p>\n","protected":false},"author":2,"featured_media":1540900,"comment_status":"closed","ping_status":"closed","sticky":false,"template":"","format":"standard","meta":[],"categories":[24450],"tags":[],"acf":[],"_links":{"self":[{"href":"https:\/\/prilux.es\/pt-pt\/wp-json\/wp\/v2\/posts\/1102102"}],"collection":[{"href":"https:\/\/prilux.es\/pt-pt\/wp-json\/wp\/v2\/posts"}],"about":[{"href":"https:\/\/prilux.es\/pt-pt\/wp-json\/wp\/v2\/types\/post"}],"author":[{"embeddable":true,"href":"https:\/\/prilux.es\/pt-pt\/wp-json\/wp\/v2\/users\/2"}],"replies":[{"embeddable":true,"href":"https:\/\/prilux.es\/pt-pt\/wp-json\/wp\/v2\/comments?post=1102102"}],"version-history":[{"count":0,"href":"https:\/\/prilux.es\/pt-pt\/wp-json\/wp\/v2\/posts\/1102102\/revisions"}],"wp:featuredmedia":[{"embeddable":true,"href":"https:\/\/prilux.es\/pt-pt\/wp-json\/wp\/v2\/media\/1540900"}],"wp:attachment":[{"href":"https:\/\/prilux.es\/pt-pt\/wp-json\/wp\/v2\/media?parent=1102102"}],"wp:term":[{"taxonomy":"category","embeddable":true,"href":"https:\/\/prilux.es\/pt-pt\/wp-json\/wp\/v2\/categories?post=1102102"},{"taxonomy":"post_tag","embeddable":true,"href":"https:\/\/prilux.es\/pt-pt\/wp-json\/wp\/v2\/tags?post=1102102"}],"curies":[{"name":"wp","href":"https:\/\/api.w.org\/{rel}","templated":true}]}}